{"id":52,"date":"2022-01-14T15:05:16","date_gmt":"2022-01-14T15:05:16","guid":{"rendered":"https:\/\/m3icoaching.ch\/?p=52"},"modified":"2024-10-04T08:56:21","modified_gmt":"2024-10-04T08:56:21","slug":"novita-per-la-stagione-2022","status":"publish","type":"post","link":"https:\/\/m3icoaching.ch\/index.php\/2022\/01\/14\/novita-per-la-stagione-2022\/","title":{"rendered":"Novit\u00e0 per la stagione 2022"},"content":{"rendered":"\n<p>M3I Coaching \u00e8 felice di annunciare la collaborazione con Lorenzo Delco, ex ciclista professionista e ora triathleta PRO sulle medie e lunghe distanze.&nbsp;&nbsp;<\/p>\n\n\n\n<p>La collaborazione con Lorenzo mira ad ampliare i servizi proposti e aumentare il bagaglio di esperienze all\u2019interno del team. Oltre alle offerte di coaching, consulenza sportiva e diagnostica sportiva, con Lorenzo si punta ad avere una persona di riferimento sul territorio per allenamenti 1:1 dove beneficiare di preziose indicazioni tecniche e consigli per arrivare pronti al giorno X.&nbsp;<\/p>\n\n\n\n<p>Per la stagione 2022 sono ancora disponibili posti liberi per il servizio di coaching con Lorenzo Delco, sei interessato? Contattaci tramite i canali social o il formulario di contatto sul sito M3I coaching.<\/p>\n\n\n\n<p>Novit\u00e0 per la stagione 2022: In collaborazione con Tri Team Ticino verr\u00e0 proposta una preparazione di gruppo per la distanza Ironaman 70.3. Oltre al piano di allenamento che partir\u00e0 dalla prima settimana di gennaio 2022, saranno proposti allenamenti in comune e momenti informativi. Seguiranno a breve ulteriori informazioni. Stay tuned&nbsp;<\/p>\n\n\n\n<p>Saluti Ivan e Lorenzo&nbsp;<\/p>\n","protected":false},"excerpt":{"rendered":"<p>M3I Coaching \u00e8 felice di annunciare la collaborazione con Lorenzo Delco, ex ciclista professionista e ora triathleta PRO sulle medie e lunghe distanze.&nbsp;&nbsp; La collaborazione con Lorenzo mira ad ampliare i servizi proposti e aumentare il bagaglio di esperienze all\u2019interno del team. Oltre alle offerte di coaching, consulenza sportiva e diagnostica sportiva, con Lorenzo si&hellip; <br \/> <a class=\"button small blue\" href=\"https:\/\/m3icoaching.ch\/index.php\/2022\/01\/14\/novita-per-la-stagione-2022\/\">Leggi tutto<\/a><\/p>\n","protected":false},"author":1,"featured_media":53,"comment_status":"closed","ping_status":"closed","sticky":false,"template":"","format":"standard","meta":{"_uag_custom_page_level_css":"","jetpack_post_was_ever_published":false,"_jetpack_newsletter_access":"","_jetpack_dont_email_post_to_subs":false,"_jetpack_newsletter_tier_id":0,"_jetpack_memberships_contains_paywalled_content":false,"_jetpack_memberships_contains_paid_content":false,"footnotes":""},"categories":[3],"tags":[],"class_list":["post-52","post","type-post","status-publish","format-standard","has-post-thumbnail","hentry","category-news"],"jetpack_featured_media_url":"https:\/\/i0.wp.com\/m3icoaching.ch\/wp-content\/uploads\/2023\/05\/Articolo-2022.png?fit=608%2C580&ssl=1","uagb_featured_image_src":{"full":["https:\/\/i0.wp.com\/m3icoaching.ch\/wp-content\/uploads\/2023\/05\/Articolo-2022.png?fit=608%2C580&ssl=1",608,580,false],"thumbnail":["https:\/\/i0.wp.com\/m3icoaching.ch\/wp-content\/uploads\/2023\/05\/Articolo-2022.png?resize=150%2C150&ssl=1",150,150,true],"medium":["https:\/\/i0.wp.com\/m3icoaching.ch\/wp-content\/uploads\/2023\/05\/Articolo-2022.png?fit=300%2C286&ssl=1",300,286,true],"medium_large":["https:\/\/i0.wp.com\/m3icoaching.ch\/wp-content\/uploads\/2023\/05\/Articolo-2022.png?fit=608%2C580&ssl=1",608,580,true],"large":["https:\/\/i0.wp.com\/m3icoaching.ch\/wp-content\/uploads\/2023\/05\/Articolo-2022.png?fit=608%2C580&ssl=1",608,580,true],"1536x1536":["https:\/\/i0.wp.com\/m3icoaching.ch\/wp-content\/uploads\/2023\/05\/Articolo-2022.png?fit=608%2C580&ssl=1",608,580,true],"2048x2048":["https:\/\/i0.wp.com\/m3icoaching.ch\/wp-content\/uploads\/2023\/05\/Articolo-2022.png?fit=608%2C580&ssl=1",608,580,true],"post-thumbnail":["https:\/\/i0.wp.com\/m3icoaching.ch\/wp-content\/uploads\/2023\/05\/Articolo-2022.png?fit=608%2C580&ssl=1",608,580,true],"one-page-express-full-hd":["https:\/\/i0.wp.com\/m3icoaching.ch\/wp-content\/uploads\/2023\/05\/Articolo-2022.png?fit=608%2C580&ssl=1",608,580,true]},"uagb_author_info":{"display_name":"admin","author_link":"https:\/\/m3icoaching.ch\/index.php\/author\/admin_\/"},"uagb_comment_info":0,"uagb_excerpt":"M3I Coaching \u00e8 felice di annunciare la collaborazione con Lorenzo Delco, ex ciclista professionista e ora triathleta PRO sulle medie e lunghe distanze.&nbsp;&nbsp; La collaborazione con Lorenzo mira ad ampliare i servizi proposti e aumentare il bagaglio di esperienze all\u2019interno del team. Oltre alle offerte di coaching, consulenza sportiva e diagnostica sportiva, con Lorenzo si&hellip;&hellip;","jetpack_sharing_enabled":true,"_links":{"self":[{"href":"https:\/\/m3icoaching.ch\/index.php\/wp-json\/wp\/v2\/posts\/52","targetHints":{"allow":["GET"]}}],"collection":[{"href":"https:\/\/m3icoaching.ch\/index.php\/wp-json\/wp\/v2\/posts"}],"about":[{"href":"https:\/\/m3icoaching.ch\/index.php\/wp-json\/wp\/v2\/types\/post"}],"author":[{"embeddable":true,"href":"https:\/\/m3icoaching.ch\/index.php\/wp-json\/wp\/v2\/users\/1"}],"replies":[{"embeddable":true,"href":"https:\/\/m3icoaching.ch\/index.php\/wp-json\/wp\/v2\/comments?post=52"}],"version-history":[{"count":1,"href":"https:\/\/m3icoaching.ch\/index.php\/wp-json\/wp\/v2\/posts\/52\/revisions"}],"predecessor-version":[{"id":54,"href":"https:\/\/m3icoaching.ch\/index.php\/wp-json\/wp\/v2\/posts\/52\/revisions\/54"}],"wp:featuredmedia":[{"embeddable":true,"href":"https:\/\/m3icoaching.ch\/index.php\/wp-json\/wp\/v2\/media\/53"}],"wp:attachment":[{"href":"https:\/\/m3icoaching.ch\/index.php\/wp-json\/wp\/v2\/media?parent=52"}],"wp:term":[{"taxonomy":"category","embeddable":true,"href":"https:\/\/m3icoaching.ch\/index.php\/wp-json\/wp\/v2\/categories?post=52"},{"taxonomy":"post_tag","embeddable":true,"href":"https:\/\/m3icoaching.ch\/index.php\/wp-json\/wp\/v2\/tags?post=52"}],"curies":[{"name":"wp","href":"https:\/\/api.w.org\/{rel}","templated":true}]}}